{"id":7205,"date":"2026-02-16T10:26:47","date_gmt":"2026-02-16T09:26:47","guid":{"rendered":"https:\/\/www.pololionellobonfanti.it\/?p=7205"},"modified":"2026-07-04T15:25:01","modified_gmt":"2026-07-04T13:25:01","slug":"partecipa-2026-tutti-gli-appuntamenti","status":"publish","type":"post","link":"https:\/\/www.pololionellobonfanti.it\/en\/notizie\/partecipa-2026-tutti-gli-appuntamenti\/","title":{"rendered":"Partecipa 2026: tutti gli appuntamenti"},"content":{"rendered":"<p>Il 2026 non \u00e8 un anno qualsiasi per il Polo Lionello Bonfanti. Esattamente vent\u2019anni fa, nel 2006, veniva <strong>inaugurato il primo polo europeo di Economia di Comunione<\/strong>.<\/p>\n<p>Da allora, il Polo \u00e8 diventato un punto di convergenza per aziende, giovani e studiosi. Per celebrare questo importante traguardo, il Polo lancia il calendario <em><strong>&#8220;Partecipa ~ 2026&#8221;<\/strong><\/em>, un invito a #Ri-trovarsi al Polo attraverso <strong>un percorso ricco di formazione, arte e spiritualit\u00e0<\/strong>.<\/p>\n<p>Siamo ormai a met\u00e0 Febbraio e l&#8217;anno del ventennale \u00e8 gi\u00e0 entrato nel vivo. Ecco una panoramica di ci\u00f2 che stiamo vivendo e degli <strong>appuntamenti imperdibili<\/strong> che ci attendono.<\/p>\n<p>Il cammino gi\u00e0 iniziato:\u00a0\u00e8 in pieno svolgimento il corso di alta formazione in <a href=\"https:\/\/www.pololionellobonfanti.it\/dottrina-sociale-della-chiesa-iii-edizione-da-leone-xiii-a-leone-xiv\/\"><strong>Dottrina Sociale della Chiesa (DSC) &#8220;Da Leone a Leone&#8221;<\/strong><\/a>, iniziato il 13 Gennaio e che ci accompagner\u00e0 fino al 12 Maggio.<\/p>\n<p>Abbiamo inoltre appena concluso, tra la fine di Gennaio e l&#8217;inizio di Febbraio, il primo appuntamento della <strong>Scuola di Economia Biblica (SEB)<\/strong> intitolato <em>\u201c<a href=\"https:\/\/www.pololionellobonfanti.it\/corsi\/scuola-di-economia-biblica-il-serpente-e-larca-iscrizioni-aperte\/\">Il serpente e l\u2019arca<\/a>&#8220;<\/em>, che ha offerto spunti profondi sulle dinamiche comunitarie tra fedelt\u00e0 e tradimento.<\/p>\n<p>Il calendario prosegue con una densit\u00e0 di eventi che spaziano dalla narrazione d\u2019impresa alla spiritualit\u00e0 biblica.<\/p>\n<p><strong><span style=\"text-decoration: underline;\">Ecco cosa segnare in agenda per i prossimi mesi:<\/span><\/strong><\/p>\n<p><span style=\"color: #b80718;\"><strong>&gt;Primavera: La forza del racconto<\/strong><\/span><br \/>\n23-24 Aprile: al Polo torna <a href=\"https:\/\/www.pololionellobonfanti.it\/capitali-narrativi-per-generare-il-futuro-delleconomia\/\"><strong>GRIOT<\/strong><\/a>, il workshop dedicato ai &#8220;capitali narrativi&#8221; realizzato con<strong> The Economy of Francesco<\/strong>. Il 23 Aprile sar\u00e0 seguito dal primo appuntamento del ciclo di reading teatrali <strong>Cantastorie<\/strong>\u00a0dedicato all&#8217;Economia narrativa.<\/p>\n<p>Dal <strong>13 Maggio al 3 Luglio<\/strong> prender\u00e0 il via la seconda edizione online del corso <strong>SEB<\/strong> <em>&#8220;<a href=\"https:\/\/www.pololionellobonfanti.it\/corsi\/la-parola-cambia-edizione-speciale-il-vangelo-di-giovanni\/\">La parola cambia<\/a>&#8220;<\/em>.<\/p>\n<p>Il <strong>15 Maggio<\/strong> torner\u00e0 il format del <strong>Cantastorie<\/strong>\u00a0sul tema <em>&#8220;<a href=\"https:\/\/www.pololionellobonfanti.it\/notizie\/leconomia-della-spiga-sospesa-il-cantastorie-2026-apre-con-il-libro-di-rut\/\">La fedelt\u00e0 e il riscatto<\/a>&#8220;<\/em>, preparando il terreno per l&#8217;importante<strong> Assemblea dei soci E. di C. spa<\/strong> prevista per il 16 Maggio, giornata che vedr\u00e0 anche un workshop su <a href=\"https:\/\/www.pololionellobonfanti.it\/corsi\/oltre-il-profitto-due-giornate-su-credito-giustizia-e-territorio\/\"><strong>DSC e Monti Frumentari<\/strong><\/a>.<\/p>\n<p><span style=\"color: #b80718;\"><strong>&gt;Estate: Cura e Vangelo<\/strong><\/span><br \/>\nIl <strong>19-21 Giugno<\/strong> sar\u00e0 il momento di <strong>&#8220;<a href=\"https:\/\/www.pololionellobonfanti.it\/corsi\/custodire-linfa-il-paradigma-vegetale-nelle-organizzazioni-della-cura\/\">Custodire linfa<\/a>&#8220;<\/strong>, un workshop innovativo di economia vegetale e cura pensato per chi lavora nel Terzo settore. Sar\u00e0 accompagnato il 19 Giugno dal <strong>Cantastorie<\/strong>\u00a0su <em>&#8220;La fatica e la felicit\u00e0&#8221;<\/em>.<\/p>\n<p>La <strong>Scuola di Economia Biblica<\/strong> torner\u00e0 protagonista dal 3 al 5 Luglio con uno speciale appuntamento in presenza dedicato al Vangelo di Giovanni.<\/p>\n<p><span style=\"color: #b80718;\"><strong>&gt;L\u2019Evento Clou: Ottobre 2026 e il Ventennale<\/strong><\/span><br \/>\nIl cuore pulsante delle celebrazioni batter\u00e0 in autunno.<br \/>\nDal <strong>16 al 18 Ottobre<\/strong> si terr\u00e0 la <strong>Convention EdC 2026 &#8211; Speciale 20 anni di Polo<\/strong>. Sar\u00e0 il momento centrale per fare memoria del cammino percorso dal 2006 ad oggi e, soprattutto, per tracciare le linee future di questa realt\u00e0 che vuole essere sempre pi\u00f9 &#8220;una rete di reciprocit\u00e0 e un orizzonte aperto&#8221;.<\/p>\n<p><strong><span style=\"color: #b80718;\">&gt;Verso la fine dell&#8217;anno: Lavoro, Sobriet\u00e0 e Civilt\u00e0<\/span><\/strong><br \/>\nL&#8217;anno proseguir\u00e0 con appuntamenti nuovi e importanti ritorni:<br \/>\nA Settembre ritorna l\u2019ormai irrinunciabile Ritiro feriale per lavoratori <strong>&#8220;Fondati sul lavoro&#8221;<\/strong> (25-27\/09) e per l\u2019occasione andr\u00e0 in scena lo spettacolo <em>&#8220;Fratello Tempo&#8221;<\/em> (25\/09), dedicato al Centenario Francescano.<\/p>\n<p>Novembre riporta l\u2019attenzione sull\u2019<strong>economia biblica<\/strong> con il\u00a0workshop dedicato\u00a0alla <em>&#8220;Sobriet\u00e0&#8221;<\/em> (13-15\/11).<\/p>\n<p>L&#8217;anno si chiuder\u00e0 il 18 Dicembre con una giornata di studio su monti frumentari e finanza civile e l&#8217;ultimo appuntamento del <strong>Cantastorie<\/strong>\u00a0dedicato a &#8220;<em>La civilt\u00e0 della roba&#8221;<\/em>.<\/p>\n<p>Il Polo Lionello Bonfanti vi aspetta per vivere insieme questo ventesimo anno di vita.<\/p>\n<p><a class=\"btn\" href=\"https:\/\/www.pololionellobonfanti.it\/wp-content\/uploads\/2026\/02\/Calendario_2026_definitivo-1.pdf\" target=\"_blank\" rel=\"noopener\">Scarica il calendario di <em><strong>Partecipa ~ 2026<\/strong><\/em>!<\/a><\/p>\n<p>&nbsp;<\/p>\n<p><strong>Con il sostegno di<\/strong><\/p>\n<p><a href=\"https:\/\/www.pololionellobonfanti.it\/azienda\/donnacasa-immobiliare\/\"><img loading=\"lazy\" decoding=\"async\" class=\"\" src=\"https:\/\/www.pololionellobonfanti.it\/wp-content\/uploads\/2023\/04\/donnacasa.jpg\" width=\"216\" height=\"117\" \/><\/a><\/p>\n","protected":false},"excerpt":{"rendered":"<p>Il 2026 non \u00e8 un anno qualsiasi per il Polo Lionello Bonfanti. Esattamente vent\u2019anni fa, nel 2006, veniva inaugurato il primo polo europeo di Economia di Comunione. Da allora, il Polo \u00e8 diventato un punto di convergenza per aziende, giovani e studiosi. Per celebrare questo importante traguardo, il Polo lancia il calendario &#8220;Partecipa ~ 2026&#8221;, [&hellip;]<\/p>\n","protected":false},"author":4,"featured_media":7206,"comment_status":"closed","ping_status":"closed","sticky":false,"template":"","format":"standard","meta":{"_acf_changed":false,"footnotes":""},"categories":[11,10],"tags":[82],"class_list":["post-7205","post","type-post","status-publish","format-standard","has-post-thumbnail","hentry","category-eventi","category-notizie","tag-partecipa_2026"],"acf":[],"yoast_head":"<!-- This site is optimized with the Yoast SEO plugin v28.3 - https:\/\/yoast.com\/product\/yoast-seo-wordpress\/ -->\n<title>Partecipa 2026: tutti gli appuntamenti - Polo Lionello Bonfanti<\/title>\n<meta name=\"description\" content=\"Il 2026 non \u00e8 un anno qualsiasi per il Polo Lionello Bonfanti. Esattamente vent\u2019anni fa, nel 2006, veniva inaugurato il primo polo europeo di Economia di\" \/>\n<meta name=\"robots\" content=\"index, follow, max-snippet:-1, max-image-preview:large, max-video-preview:-1\" \/>\n<link rel=\"canonical\" href=\"https:\/\/www.pololionellobonfanti.it\/en\/notizie\/partecipa-2026-tutti-gli-appuntamenti\/\" \/>\n<meta property=\"og:locale\" content=\"en_US\" \/>\n<meta property=\"og:type\" content=\"article\" \/>\n<meta property=\"og:title\" content=\"Partecipa 2026: tutti gli appuntamenti - Polo Lionello Bonfanti\" \/>\n<meta property=\"og:description\" content=\"Il 2026 non \u00e8 un anno qualsiasi per il Polo Lionello Bonfanti. Esattamente vent\u2019anni fa, nel 2006, veniva inaugurato il primo polo europeo di Economia di\" \/>\n<meta property=\"og:url\" content=\"https:\/\/www.pololionellobonfanti.it\/en\/notizie\/partecipa-2026-tutti-gli-appuntamenti\/\" \/>\n<meta property=\"og:site_name\" content=\"Polo Lionello Bonfanti\" \/>\n<meta property=\"article:publisher\" content=\"https:\/\/www.facebook.com\/pololionellobonfanti\/\" \/>\n<meta property=\"article:published_time\" content=\"2026-02-16T09:26:47+00:00\" \/>\n<meta property=\"article:modified_time\" content=\"2026-07-04T13:25:01+00:00\" \/>\n<meta property=\"og:image\" content=\"https:\/\/www.pololionellobonfanti.it\/wp-content\/uploads\/2026\/02\/banner16-9.jpg\" \/>\n\t<meta property=\"og:image:width\" content=\"1920\" \/>\n\t<meta property=\"og:image:height\" content=\"1080\" \/>\n\t<meta property=\"og:image:type\" content=\"image\/jpeg\" \/>\n<meta name=\"author\" content=\"Ufficio Comunicazione\" \/>\n<meta name=\"twitter:card\" content=\"summary_large_image\" \/>\n<meta name=\"twitter:creator\" content=\"@pololionello\" \/>\n<meta name=\"twitter:site\" content=\"@pololionello\" \/>\n<meta name=\"twitter:label1\" content=\"Written by\" \/>\n\t<meta name=\"twitter:data1\" content=\"Ufficio Comunicazione\" \/>\n\t<meta name=\"twitter:label2\" content=\"Est. reading time\" \/>\n\t<meta name=\"twitter:data2\" content=\"4 minutes\" \/>\n<script type=\"application\/ld+json\" class=\"yoast-schema-graph\">{\"@context\":\"https:\\\/\\\/schema.org\",\"@graph\":[{\"@type\":\"Article\",\"@id\":\"https:\\\/\\\/www.pololionellobonfanti.it\\\/en\\\/notizie\\\/partecipa-2026-tutti-gli-appuntamenti\\\/#article\",\"isPartOf\":{\"@id\":\"https:\\\/\\\/www.pololionellobonfanti.it\\\/en\\\/notizie\\\/partecipa-2026-tutti-gli-appuntamenti\\\/\"},\"author\":{\"name\":\"Ufficio Comunicazione\",\"@id\":\"https:\\\/\\\/www.pololionellobonfanti.it\\\/en\\\/#\\\/schema\\\/person\\\/e39a37d52a4869f209b18cb5c71484ce\"},\"headline\":\"Partecipa 2026: tutti gli appuntamenti\",\"datePublished\":\"2026-02-16T09:26:47+00:00\",\"dateModified\":\"2026-07-04T13:25:01+00:00\",\"mainEntityOfPage\":{\"@id\":\"https:\\\/\\\/www.pololionellobonfanti.it\\\/en\\\/notizie\\\/partecipa-2026-tutti-gli-appuntamenti\\\/\"},\"wordCount\":539,\"publisher\":{\"@id\":\"https:\\\/\\\/www.pololionellobonfanti.it\\\/en\\\/#organization\"},\"image\":{\"@id\":\"https:\\\/\\\/www.pololionellobonfanti.it\\\/en\\\/notizie\\\/partecipa-2026-tutti-gli-appuntamenti\\\/#primaryimage\"},\"thumbnailUrl\":\"https:\\\/\\\/www.pololionellobonfanti.it\\\/wp-content\\\/uploads\\\/2026\\\/02\\\/banner16-9.jpg\",\"keywords\":[\"#partecipa_2026\"],\"articleSection\":[\"Eventi\",\"Notizie\"],\"inLanguage\":\"en-US\"},{\"@type\":\"WebPage\",\"@id\":\"https:\\\/\\\/www.pololionellobonfanti.it\\\/en\\\/notizie\\\/partecipa-2026-tutti-gli-appuntamenti\\\/\",\"url\":\"https:\\\/\\\/www.pololionellobonfanti.it\\\/en\\\/notizie\\\/partecipa-2026-tutti-gli-appuntamenti\\\/\",\"name\":\"Partecipa 2026: tutti gli appuntamenti - Polo Lionello Bonfanti\",\"isPartOf\":{\"@id\":\"https:\\\/\\\/www.pololionellobonfanti.it\\\/en\\\/#website\"},\"primaryImageOfPage\":{\"@id\":\"https:\\\/\\\/www.pololionellobonfanti.it\\\/en\\\/notizie\\\/partecipa-2026-tutti-gli-appuntamenti\\\/#primaryimage\"},\"image\":{\"@id\":\"https:\\\/\\\/www.pololionellobonfanti.it\\\/en\\\/notizie\\\/partecipa-2026-tutti-gli-appuntamenti\\\/#primaryimage\"},\"thumbnailUrl\":\"https:\\\/\\\/www.pololionellobonfanti.it\\\/wp-content\\\/uploads\\\/2026\\\/02\\\/banner16-9.jpg\",\"datePublished\":\"2026-02-16T09:26:47+00:00\",\"dateModified\":\"2026-07-04T13:25:01+00:00\",\"description\":\"Il 2026 non \u00e8 un anno qualsiasi per il Polo Lionello Bonfanti. Esattamente vent\u2019anni fa, nel 2006, veniva inaugurato il primo polo europeo di Economia di\",\"breadcrumb\":{\"@id\":\"https:\\\/\\\/www.pololionellobonfanti.it\\\/en\\\/notizie\\\/partecipa-2026-tutti-gli-appuntamenti\\\/#breadcrumb\"},\"inLanguage\":\"en-US\",\"potentialAction\":[{\"@type\":\"ReadAction\",\"target\":[\"https:\\\/\\\/www.pololionellobonfanti.it\\\/en\\\/notizie\\\/partecipa-2026-tutti-gli-appuntamenti\\\/\"]}]},{\"@type\":\"ImageObject\",\"inLanguage\":\"en-US\",\"@id\":\"https:\\\/\\\/www.pololionellobonfanti.it\\\/en\\\/notizie\\\/partecipa-2026-tutti-gli-appuntamenti\\\/#primaryimage\",\"url\":\"https:\\\/\\\/www.pololionellobonfanti.it\\\/wp-content\\\/uploads\\\/2026\\\/02\\\/banner16-9.jpg\",\"contentUrl\":\"https:\\\/\\\/www.pololionellobonfanti.it\\\/wp-content\\\/uploads\\\/2026\\\/02\\\/banner16-9.jpg\",\"width\":1920,\"height\":1080},{\"@type\":\"BreadcrumbList\",\"@id\":\"https:\\\/\\\/www.pololionellobonfanti.it\\\/en\\\/notizie\\\/partecipa-2026-tutti-gli-appuntamenti\\\/#breadcrumb\",\"itemListElement\":[{\"@type\":\"ListItem\",\"position\":1,\"name\":\"Home\",\"item\":\"https:\\\/\\\/www.pololionellobonfanti.it\\\/en\\\/home\\\/\"},{\"@type\":\"ListItem\",\"position\":2,\"name\":\"Partecipa 2026: tutti gli appuntamenti\"}]},{\"@type\":\"WebSite\",\"@id\":\"https:\\\/\\\/www.pololionellobonfanti.it\\\/en\\\/#website\",\"url\":\"https:\\\/\\\/www.pololionellobonfanti.it\\\/en\\\/\",\"name\":\"Polo Lionello Bonfanti\",\"description\":\"Polo imprenditoriale e Casa degli Imprenditori, Luogo di Lavoro e Relazioni, Centro Convegni e Formazione, Laboratorio aperto per una Nuova Cultura Economica, B-Corp certificata\",\"publisher\":{\"@id\":\"https:\\\/\\\/www.pololionellobonfanti.it\\\/en\\\/#organization\"},\"potentialAction\":[{\"@type\":\"SearchAction\",\"target\":{\"@type\":\"EntryPoint\",\"urlTemplate\":\"https:\\\/\\\/www.pololionellobonfanti.it\\\/en\\\/?s={search_term_string}\"},\"query-input\":{\"@type\":\"PropertyValueSpecification\",\"valueRequired\":true,\"valueName\":\"search_term_string\"}}],\"inLanguage\":\"en-US\"},{\"@type\":\"Organization\",\"@id\":\"https:\\\/\\\/www.pololionellobonfanti.it\\\/en\\\/#organization\",\"name\":\"Polo Lionello Bonfanti\",\"url\":\"https:\\\/\\\/www.pololionellobonfanti.it\\\/en\\\/\",\"logo\":{\"@type\":\"ImageObject\",\"inLanguage\":\"en-US\",\"@id\":\"https:\\\/\\\/www.pololionellobonfanti.it\\\/en\\\/#\\\/schema\\\/logo\\\/image\\\/\",\"url\":\"https:\\\/\\\/www.pololionellobonfanti.it\\\/wp-content\\\/uploads\\\/2021\\\/07\\\/logo.jpg\",\"contentUrl\":\"https:\\\/\\\/www.pololionellobonfanti.it\\\/wp-content\\\/uploads\\\/2021\\\/07\\\/logo.jpg\",\"width\":500,\"height\":113,\"caption\":\"Polo Lionello Bonfanti\"},\"image\":{\"@id\":\"https:\\\/\\\/www.pololionellobonfanti.it\\\/en\\\/#\\\/schema\\\/logo\\\/image\\\/\"},\"sameAs\":[\"https:\\\/\\\/www.facebook.com\\\/pololionellobonfanti\\\/\",\"https:\\\/\\\/x.com\\\/pololionello\",\"https:\\\/\\\/www.linkedin.com\\\/company\\\/polo-lionello-bonfanti\\\/\",\"https:\\\/\\\/www.youtube.com\\\/c\\\/PololionellobonfantiIt\"]},{\"@type\":\"Person\",\"@id\":\"https:\\\/\\\/www.pololionellobonfanti.it\\\/en\\\/#\\\/schema\\\/person\\\/e39a37d52a4869f209b18cb5c71484ce\",\"name\":\"Ufficio Comunicazione\",\"image\":{\"@type\":\"ImageObject\",\"inLanguage\":\"en-US\",\"@id\":\"https:\\\/\\\/secure.gravatar.com\\\/avatar\\\/56595ec6e714071584b78f0ebed1c523869e8056332987d6743c8a97687c8430?s=96&d=mm&r=g\",\"url\":\"https:\\\/\\\/secure.gravatar.com\\\/avatar\\\/56595ec6e714071584b78f0ebed1c523869e8056332987d6743c8a97687c8430?s=96&d=mm&r=g\",\"contentUrl\":\"https:\\\/\\\/secure.gravatar.com\\\/avatar\\\/56595ec6e714071584b78f0ebed1c523869e8056332987d6743c8a97687c8430?s=96&d=mm&r=g\",\"caption\":\"Ufficio Comunicazione\"}}]}<\/script>\n<!-- \/ Yoast SEO plugin. -->","yoast_head_json":{"title":"Partecipa 2026: tutti gli appuntamenti - Polo Lionello Bonfanti","description":"Il 2026 non \u00e8 un anno qualsiasi per il Polo Lionello Bonfanti. Esattamente vent\u2019anni fa, nel 2006, veniva inaugurato il primo polo europeo di Economia di","robots":{"index":"index","follow":"follow","max-snippet":"max-snippet:-1","max-image-preview":"max-image-preview:large","max-video-preview":"max-video-preview:-1"},"canonical":"https:\/\/www.pololionellobonfanti.it\/en\/notizie\/partecipa-2026-tutti-gli-appuntamenti\/","og_locale":"en_US","og_type":"article","og_title":"Partecipa 2026: tutti gli appuntamenti - Polo Lionello Bonfanti","og_description":"Il 2026 non \u00e8 un anno qualsiasi per il Polo Lionello Bonfanti. Esattamente vent\u2019anni fa, nel 2006, veniva inaugurato il primo polo europeo di Economia di","og_url":"https:\/\/www.pololionellobonfanti.it\/en\/notizie\/partecipa-2026-tutti-gli-appuntamenti\/","og_site_name":"Polo Lionello Bonfanti","article_publisher":"https:\/\/www.facebook.com\/pololionellobonfanti\/","article_published_time":"2026-02-16T09:26:47+00:00","article_modified_time":"2026-07-04T13:25:01+00:00","og_image":[{"width":1920,"height":1080,"url":"https:\/\/www.pololionellobonfanti.it\/wp-content\/uploads\/2026\/02\/banner16-9.jpg","type":"image\/jpeg"}],"author":"Ufficio Comunicazione","twitter_card":"summary_large_image","twitter_creator":"@pololionello","twitter_site":"@pololionello","twitter_misc":{"Written by":"Ufficio Comunicazione","Est. reading time":"4 minutes"},"schema":{"@context":"https:\/\/schema.org","@graph":[{"@type":"Article","@id":"https:\/\/www.pololionellobonfanti.it\/en\/notizie\/partecipa-2026-tutti-gli-appuntamenti\/#article","isPartOf":{"@id":"https:\/\/www.pololionellobonfanti.it\/en\/notizie\/partecipa-2026-tutti-gli-appuntamenti\/"},"author":{"name":"Ufficio Comunicazione","@id":"https:\/\/www.pololionellobonfanti.it\/en\/#\/schema\/person\/e39a37d52a4869f209b18cb5c71484ce"},"headline":"Partecipa 2026: tutti gli appuntamenti","datePublished":"2026-02-16T09:26:47+00:00","dateModified":"2026-07-04T13:25:01+00:00","mainEntityOfPage":{"@id":"https:\/\/www.pololionellobonfanti.it\/en\/notizie\/partecipa-2026-tutti-gli-appuntamenti\/"},"wordCount":539,"publisher":{"@id":"https:\/\/www.pololionellobonfanti.it\/en\/#organization"},"image":{"@id":"https:\/\/www.pololionellobonfanti.it\/en\/notizie\/partecipa-2026-tutti-gli-appuntamenti\/#primaryimage"},"thumbnailUrl":"https:\/\/www.pololionellobonfanti.it\/wp-content\/uploads\/2026\/02\/banner16-9.jpg","keywords":["#partecipa_2026"],"articleSection":["Eventi","Notizie"],"inLanguage":"en-US"},{"@type":"WebPage","@id":"https:\/\/www.pololionellobonfanti.it\/en\/notizie\/partecipa-2026-tutti-gli-appuntamenti\/","url":"https:\/\/www.pololionellobonfanti.it\/en\/notizie\/partecipa-2026-tutti-gli-appuntamenti\/","name":"Partecipa 2026: tutti gli appuntamenti - Polo Lionello Bonfanti","isPartOf":{"@id":"https:\/\/www.pololionellobonfanti.it\/en\/#website"},"primaryImageOfPage":{"@id":"https:\/\/www.pololionellobonfanti.it\/en\/notizie\/partecipa-2026-tutti-gli-appuntamenti\/#primaryimage"},"image":{"@id":"https:\/\/www.pololionellobonfanti.it\/en\/notizie\/partecipa-2026-tutti-gli-appuntamenti\/#primaryimage"},"thumbnailUrl":"https:\/\/www.pololionellobonfanti.it\/wp-content\/uploads\/2026\/02\/banner16-9.jpg","datePublished":"2026-02-16T09:26:47+00:00","dateModified":"2026-07-04T13:25:01+00:00","description":"Il 2026 non \u00e8 un anno qualsiasi per il Polo Lionello Bonfanti. Esattamente vent\u2019anni fa, nel 2006, veniva inaugurato il primo polo europeo di Economia di","breadcrumb":{"@id":"https:\/\/www.pololionellobonfanti.it\/en\/notizie\/partecipa-2026-tutti-gli-appuntamenti\/#breadcrumb"},"inLanguage":"en-US","potentialAction":[{"@type":"ReadAction","target":["https:\/\/www.pololionellobonfanti.it\/en\/notizie\/partecipa-2026-tutti-gli-appuntamenti\/"]}]},{"@type":"ImageObject","inLanguage":"en-US","@id":"https:\/\/www.pololionellobonfanti.it\/en\/notizie\/partecipa-2026-tutti-gli-appuntamenti\/#primaryimage","url":"https:\/\/www.pololionellobonfanti.it\/wp-content\/uploads\/2026\/02\/banner16-9.jpg","contentUrl":"https:\/\/www.pololionellobonfanti.it\/wp-content\/uploads\/2026\/02\/banner16-9.jpg","width":1920,"height":1080},{"@type":"BreadcrumbList","@id":"https:\/\/www.pololionellobonfanti.it\/en\/notizie\/partecipa-2026-tutti-gli-appuntamenti\/#breadcrumb","itemListElement":[{"@type":"ListItem","position":1,"name":"Home","item":"https:\/\/www.pololionellobonfanti.it\/en\/home\/"},{"@type":"ListItem","position":2,"name":"Partecipa 2026: tutti gli appuntamenti"}]},{"@type":"WebSite","@id":"https:\/\/www.pololionellobonfanti.it\/en\/#website","url":"https:\/\/www.pololionellobonfanti.it\/en\/","name":"Polo Lionello Bonfanti","description":"Polo imprenditoriale e Casa degli Imprenditori, Luogo di Lavoro e Relazioni, Centro Convegni e Formazione, Laboratorio aperto per una Nuova Cultura Economica, B-Corp certificata","publisher":{"@id":"https:\/\/www.pololionellobonfanti.it\/en\/#organization"},"potentialAction":[{"@type":"SearchAction","target":{"@type":"EntryPoint","urlTemplate":"https:\/\/www.pololionellobonfanti.it\/en\/?s={search_term_string}"},"query-input":{"@type":"PropertyValueSpecification","valueRequired":true,"valueName":"search_term_string"}}],"inLanguage":"en-US"},{"@type":"Organization","@id":"https:\/\/www.pololionellobonfanti.it\/en\/#organization","name":"Polo Lionello Bonfanti","url":"https:\/\/www.pololionellobonfanti.it\/en\/","logo":{"@type":"ImageObject","inLanguage":"en-US","@id":"https:\/\/www.pololionellobonfanti.it\/en\/#\/schema\/logo\/image\/","url":"https:\/\/www.pololionellobonfanti.it\/wp-content\/uploads\/2021\/07\/logo.jpg","contentUrl":"https:\/\/www.pololionellobonfanti.it\/wp-content\/uploads\/2021\/07\/logo.jpg","width":500,"height":113,"caption":"Polo Lionello Bonfanti"},"image":{"@id":"https:\/\/www.pololionellobonfanti.it\/en\/#\/schema\/logo\/image\/"},"sameAs":["https:\/\/www.facebook.com\/pololionellobonfanti\/","https:\/\/x.com\/pololionello","https:\/\/www.linkedin.com\/company\/polo-lionello-bonfanti\/","https:\/\/www.youtube.com\/c\/PololionellobonfantiIt"]},{"@type":"Person","@id":"https:\/\/www.pololionellobonfanti.it\/en\/#\/schema\/person\/e39a37d52a4869f209b18cb5c71484ce","name":"Ufficio Comunicazione","image":{"@type":"ImageObject","inLanguage":"en-US","@id":"https:\/\/secure.gravatar.com\/avatar\/56595ec6e714071584b78f0ebed1c523869e8056332987d6743c8a97687c8430?s=96&d=mm&r=g","url":"https:\/\/secure.gravatar.com\/avatar\/56595ec6e714071584b78f0ebed1c523869e8056332987d6743c8a97687c8430?s=96&d=mm&r=g","contentUrl":"https:\/\/secure.gravatar.com\/avatar\/56595ec6e714071584b78f0ebed1c523869e8056332987d6743c8a97687c8430?s=96&d=mm&r=g","caption":"Ufficio Comunicazione"}}]}},"_links":{"self":[{"href":"https:\/\/www.pololionellobonfanti.it\/en\/wp-json\/wp\/v2\/posts\/7205","targetHints":{"allow":["GET"]}}],"collection":[{"href":"https:\/\/www.pololionellobonfanti.it\/en\/wp-json\/wp\/v2\/posts"}],"about":[{"href":"https:\/\/www.pololionellobonfanti.it\/en\/wp-json\/wp\/v2\/types\/post"}],"author":[{"embeddable":true,"href":"https:\/\/www.pololionellobonfanti.it\/en\/wp-json\/wp\/v2\/users\/4"}],"replies":[{"embeddable":true,"href":"https:\/\/www.pololionellobonfanti.it\/en\/wp-json\/wp\/v2\/comments?post=7205"}],"version-history":[{"count":10,"href":"https:\/\/www.pololionellobonfanti.it\/en\/wp-json\/wp\/v2\/posts\/7205\/revisions"}],"predecessor-version":[{"id":7987,"href":"https:\/\/www.pololionellobonfanti.it\/en\/wp-json\/wp\/v2\/posts\/7205\/revisions\/7987"}],"wp:featuredmedia":[{"embeddable":true,"href":"https:\/\/www.pololionellobonfanti.it\/en\/wp-json\/wp\/v2\/media\/7206"}],"wp:attachment":[{"href":"https:\/\/www.pololionellobonfanti.it\/en\/wp-json\/wp\/v2\/media?parent=7205"}],"wp:term":[{"taxonomy":"category","embeddable":true,"href":"https:\/\/www.pololionellobonfanti.it\/en\/wp-json\/wp\/v2\/categories?post=7205"},{"taxonomy":"post_tag","embeddable":true,"href":"https:\/\/www.pololionellobonfanti.it\/en\/wp-json\/wp\/v2\/tags?post=7205"}],"curies":[{"name":"wp","href":"https:\/\/api.w.org\/{rel}","templated":true}]}}