{"id":7323,"date":"2026-02-26T16:45:34","date_gmt":"2026-02-26T15:45:34","guid":{"rendered":"https:\/\/www.pololionellobonfanti.it\/?p=7323"},"modified":"2026-06-09T14:37:39","modified_gmt":"2026-06-09T12:37:39","slug":"la-parola-cambia-edizione-speciale-il-vangelo-di-giovanni","status":"publish","type":"post","link":"https:\/\/www.pololionellobonfanti.it\/en\/seb\/la-parola-cambia-edizione-speciale-il-vangelo-di-giovanni\/","title":{"rendered":"La parola cambia \u2013 Edizione 2026: Il Vangelo di Giovanni"},"content":{"rendered":"<p><span style=\"font-weight: 400;\">Corso di Alta Formazione in Economia Biblica<\/span><\/p>\n<h3><strong><i>Economia, antropologia ed etica nel quarto Vangelo<\/i><\/strong><\/h3>\n<p><span style=\"font-weight: 400;\">Dopo il percorso del 2025, che ha esplorato la dimensione economica e sociale attraversando diversi libri del Vecchio e del Nuovo Testamento, la Scuola di Economia Biblica (SEB) torna con un&#8217;<\/span><b>Edizione monografica dedicata al Vangelo di Giovanni<\/b><span style=\"font-weight: 400;\">, accompagnando l&#8217;uscita del nuovo libro del coordinatore prof. Luigino Bruni.<\/span><\/p>\n<p><span style=\"font-weight: 400;\">Questa edizione non \u00e8 solo un nuovo corso, ma un&#8217;importante tappa <\/span>di un lungo cammino<span style=\"font-weight: 400;\">. Negli anni passati, insieme ad una nutrita comunit\u00e0 di partecipanti la SEB ha intrapreso una profonda esplorazione dell&#8217;umanesimo neotestamentario, studiando <\/span><b>il Vangelo di Marco nel 2022 <\/b>e <span style=\"font-weight: 400;\">proseguendo con <\/span><span style=\"font-weight: 400;\">le <\/span><b>parabole di Luca nel 2024<\/b><span style=\"font-weight: 400;\">. Il Vangelo di Giovanni rappresenta un altro fondamentale capitolo dei commenti di Luigino Bruni al Nuovo Testamento e ci offre l\u2019occasione per rintracciare una<\/span><b> chiave di lettura unica all&#8217;intero testo evangelico<\/b><span style=\"font-weight: 400;\">.<\/span><\/p>\n<p>In continuit\u00e0 con le edizioni passate, il corso sar\u00e0 erogato <strong>su piattaforma digitale Zoom<\/strong> <strong>tra il 13 maggio e l&#8217;1 luglio 2026<\/strong>. Le lezioni si terranno <strong>ogni mercoled\u00ec dalle 16 alle 19<\/strong>, e combineranno momenti di lezione frontale, spazi di dialogo e laboratori di gruppo guidati da tutor per favorire la riflessione condivisa. Seguir\u00e0 un <a href=\"https:\/\/www.pololionellobonfanti.it\/corsi\/il-vangelo-di-giovanni-ultimo-capitolo-weekend-in-presenza\/\">weekend speciale in presenza<\/a> presso il Polo Lionello Bonfanti, in programma <strong><a href=\"https:\/\/www.pololionellobonfanti.it\/corsi\/il-vangelo-di-giovanni-ultimo-capitolo-weekend-in-presenza\/\">dal 3 al 5 luglio 2026<\/a>. <\/strong><\/p>\n<h3><b>PERCH\u00c9 PARTECIPARE (E PERCH\u00c9 TORNARE)<\/b><span style=\"font-weight: 400;\">\u00a0<\/span><\/h3>\n<p><span style=\"font-weight: 400;\">Questo percorso su Giovanni rappresenta <\/span><b>il naturale completamento della formazione<\/b><span style=\"font-weight: 400;\"> per chi ha gi\u00e0 seguito la prima edizione de <\/span><i><span style=\"font-weight: 400;\">La parola cambia<\/span><\/i><span style=\"font-weight: 400;\"> o le precedenti lezioni della SEB. Partecipare significa completare il quadro dell&#8217;umanesimo biblico neotestamentario, interrogando con domande nuove uno dei testi pi\u00f9 profondi e spirituali della Scrittura. Per chi invece non ha mai partecipato a corsi della SEB, questa edizione speciale rappresenta un&#8217;occasione unica di scoperta: permetter\u00e0 infatti di acquisire un inedito approccio laico e antropologico alle Scritture e di ottenere le chiavi fondamentali per tornare a leggere in modo nuovo e pi\u00f9 consapevole anche gli altri libri della Bibbia e i precedenti commenti.<\/span><\/p>\n<h3><b>I TEMI E L&#8217;APPROCCIO<\/b><\/h3>\n<p><span style=\"font-weight: 400;\">Come ricordava Gregorio Magno, <\/span><i><span style=\"font-weight: 400;\">\u00abLa Scrittura cresce insieme a chi la legge\u00bb<\/span><\/i><span style=\"font-weight: 400;\">. La parola cambia con la storia, con i dolori e le gioie della gente, ma soprattutto <\/span><i><span style=\"font-weight: 400;\">ci cambia<\/span><\/i><span style=\"font-weight: 400;\">, invitandoci a diventare ci\u00f2 che non siamo ancora. Il commento di Luigino Bruni propone una lettura etica e antropologica: un approccio laico e moderno che non si limita alla teologia, ma va alla ricerca del &#8220;modo divino&#8221; di gestire l&#8217;economia, le relazioni sociali e il senso del nostro operare quotidiano. Nel Vangelo di Giovanni esploreremo i fondamenti dell&#8217;alleanza, del dono, della gratuit\u00e0 e della verit\u00e0, categorie oggi pi\u00f9 che mai indispensabili per leggere il nostro presente.<\/span><\/p>\n<h4>Il programma formativo<\/h4>\n<p><strong>ONLINE &#8211; Piattaforma Zoom<\/strong><\/p>\n<div>\n<table>\n<thead>\n<tr>\n<th scope=\"col\"><\/th>\n<th scope=\"col\"><\/th>\n<\/tr>\n<\/thead>\n<tbody>\n<tr>\n<td><\/td>\n<td><b>13 maggio<\/b><\/td>\n<td>Introduzione: l&#8217;autore, i temi, la questione giovannea<\/td>\n<\/tr>\n<tr>\n<td><\/td>\n<td><b>20 maggio<\/b><\/td>\n<td>Il prologo: e il Logos divenne un carpentiere<\/td>\n<\/tr>\n<tr>\n<td><\/td>\n<td><b>27 maggio<\/b><\/td>\n<td>Ges\u00f9 e il Battista: significato e questioni aperte<\/td>\n<\/tr>\n<tr>\n<td><\/td>\n<td><b>3 giugno<\/b><\/td>\n<td>la leadership della schiena<\/td>\n<\/tr>\n<tr>\n<td><\/td>\n<td><b>11 giugno<\/b><\/td>\n<td>La legge dell\u2019anello debole<\/td>\n<\/tr>\n<tr>\n<td><\/td>\n<td><b>17 giugno<\/b><\/td>\n<td>Segni, pani, pesci e guarigioni: quale regno annuncia Ges\u00f9?<\/td>\n<\/tr>\n<tr>\n<td><\/td>\n<td><b>24 giugno<\/b><\/td>\n<td>Laboratorio: percorsi di approfondimento e proposte PCTO<\/td>\n<\/tr>\n<tr>\n<td><\/td>\n<td><b>1 luglio<\/b><\/td>\n<td>Lazzaro, Marta e Maria: i discorsi di addio<\/td>\n<\/tr>\n<\/tbody>\n<\/table>\n<\/div>\n<p>&nbsp;<\/p>\n<p><a href=\"https:\/\/www.pololionellobonfanti.it\/corsi\/il-vangelo-di-giovanni-ultimo-capitolo-weekend-in-presenza\/\"><strong>IN PRESENZA \u2014 Polo Lionello Bonfanti (Info e iscrizioni qui<\/strong><\/a>)<\/p>\n<div>\n<table>\n<thead>\n<tr>\n<th scope=\"col\"><\/th>\n<th scope=\"col\"><a href=\"https:\/\/www.pololionellobonfanti.it\/corsi\/il-vangelo-di-giovanni-ultimo-capitolo-weekend-in-presenza\/\"><b>3\u20135 luglio<\/b><\/a><\/th>\n<th scope=\"col\">Il Vangelo di Giovanni, prospettive spirituali, etiche e sociali<\/th>\n<\/tr>\n<\/thead>\n<tbody>\n<tr>\n<td><\/td>\n<td><\/td>\n<td>Passione, morte e resurrezione: cosa significa che Ges\u00f9 \u00e8 risorto?<\/td>\n<\/tr>\n<\/tbody>\n<\/table>\n<\/div>\n<h3><\/h3>\n<h3><b>A CHI \u00c8 RIVOLTO<\/b><span style=\"font-weight: 400;\">\u00a0<\/span><\/h3>\n<p><span style=\"font-weight: 400;\">Il corso di Alta Formazione \u00e8 rivolto ai curiosi e a chi non si accontenta di letture facili e rassicuranti:<\/span><\/p>\n<ul>\n<li><b>A chi ha gi\u00e0 partecipato alle edizioni passate<\/b><span style=\"font-weight: 400;\">, per completare il proprio viaggio nel Nuovo Testamento.<\/span><\/li>\n<li><b>A chi ama la Bibbia<\/b><span style=\"font-weight: 400;\"> e vuole approfondire una dimensione laica per cercare le fondazioni antropologiche, economiche e sociali delle relazioni umane.<\/span><\/li>\n<li><b>A chi lavora nelle imprese e nelle istituzioni<\/b><span style=\"font-weight: 400;\">, per trovare un nuovo senso al proprio agire in un tempo di cambiamenti epocali.<\/span><\/li>\n<li><b>A docenti e studenti<\/b><span style=\"font-weight: 400;\"> interessati alla filosofia, alla teologia, alle scienze sociali e all&#8217;economia.<\/span><\/li>\n<\/ul>\n<h3><b><br \/>\nQUOTE DI PARTECIPAZIONE<\/b><\/h3>\n<p><b><\/b><strong>Ordinaria:<\/strong>\u00a0\u20ac 122,00 (100,00 \u20ac + IVA 22%)<\/p>\n<p><strong>Giovani under 35:<\/strong>\u00a0\u20ac 61,00 (50,00 \u20ac + IVA 22%)<\/p>\n<p><strong>Sostenitore:<\/strong>\u00a0\u20ac 183,00 (150,00 \u20ac + IVA 22%)<\/p>\n<p><strong>Imprese e organizzazioni che iscrivono 3 o pi\u00f9 membri:<\/strong>\u00a0\u20ac 61,00 (50,00 \u20ac + IVA 22%) per ciascun membro<\/p>\n<p><strong>Le comunit\u00e0 religiose che iscrivono pi\u00f9 membri pagano una unica quota ordinaria:<\/strong>\u00a0\u20ac 122,00 (100,00 \u20ac + IVA 22%)<\/p>\n<p>Per il personale del Comparto Scuola (M.I.M.) le iscrizioni sono gestite dalla Scuola di Economia Civile (SEC):<br \/>\n\u2013 quota di \u20ac 100,00 (pagamento con Carta del Docente \u2013 M.I.M.)<br \/>\n\u2013 quota di \u20ac 122,00 IVA inclusa (pagamento con bonifico alla SEC)<\/p>\n<p>Per info-iscrizioni del Comparto Scuola \u2013 M.I.M. iscrizioni@scuoladieconomiacivile.it \u2013 tel. 380 150 95 45<\/p>\n<p>&nbsp;<\/p>\n<p><a class=\"btn\" href=\"https:\/\/www.pololionellobonfanti.it\/prodotto\/la-parola-cambia-2026\/\" target=\"_blank\" rel=\"noopener\">Iscrizioni aperte! <\/a><\/p>\n<p>&nbsp;<\/p>\n","protected":false},"excerpt":{"rendered":"<p>Corso di Alta Formazione in Economia Biblica Economia, antropologia ed etica nel quarto Vangelo Dopo il percorso del 2025, che ha esplorato la dimensione economica e sociale attraversando diversi libri del Vecchio e del Nuovo Testamento, la Scuola di Economia Biblica (SEB) torna con un&#8217;Edizione monografica dedicata al Vangelo di Giovanni, accompagnando l&#8217;uscita del nuovo [&hellip;]<\/p>\n","protected":false},"author":4,"featured_media":7382,"comment_status":"closed","ping_status":"closed","sticky":false,"template":"","format":"standard","meta":{"_acf_changed":false,"footnotes":""},"categories":[8,10,23],"tags":[],"class_list":["post-7323","post","type-post","status-publish","format-standard","has-post-thumbnail","hentry","category-corsi","category-notizie","category-seb"],"acf":[],"yoast_head":"<!-- This site is optimized with the Yoast SEO plugin v28.3 - https:\/\/yoast.com\/product\/yoast-seo-wordpress\/ -->\n<title>La parola cambia \u2013 Edizione 2026: Il Vangelo di Giovanni - Polo Lionello Bonfanti<\/title>\n<meta name=\"description\" content=\"Corso di Alta Formazione in Economia Biblica Economia, antropologia ed etica nel quarto Vangelo Dopo il percorso del 2025, che ha esplorato la dimensione\" \/>\n<meta name=\"robots\" content=\"index, follow, max-snippet:-1, max-image-preview:large, max-video-preview:-1\" \/>\n<link rel=\"canonical\" href=\"https:\/\/www.pololionellobonfanti.it\/en\/seb\/la-parola-cambia-edizione-speciale-il-vangelo-di-giovanni\/\" \/>\n<meta property=\"og:locale\" content=\"en_US\" \/>\n<meta property=\"og:type\" content=\"article\" \/>\n<meta property=\"og:title\" content=\"La parola cambia \u2013 Edizione 2026: Il Vangelo di Giovanni - Polo Lionello Bonfanti\" \/>\n<meta property=\"og:description\" content=\"Corso di Alta Formazione in Economia Biblica Economia, antropologia ed etica nel quarto Vangelo Dopo il percorso del 2025, che ha esplorato la dimensione\" \/>\n<meta property=\"og:url\" content=\"https:\/\/www.pololionellobonfanti.it\/en\/seb\/la-parola-cambia-edizione-speciale-il-vangelo-di-giovanni\/\" \/>\n<meta property=\"og:site_name\" content=\"Polo Lionello Bonfanti\" \/>\n<meta property=\"article:publisher\" content=\"https:\/\/www.facebook.com\/pololionellobonfanti\/\" \/>\n<meta property=\"article:published_time\" content=\"2026-02-26T15:45:34+00:00\" \/>\n<meta property=\"article:modified_time\" content=\"2026-06-09T12:37:39+00:00\" \/>\n<meta property=\"og:image\" content=\"https:\/\/www.pololionellobonfanti.it\/wp-content\/uploads\/2026\/02\/banner_16-9-4.jpg\" \/>\n\t<meta property=\"og:image:width\" content=\"1920\" \/>\n\t<meta property=\"og:image:height\" content=\"1080\" \/>\n\t<meta property=\"og:image:type\" content=\"image\/jpeg\" \/>\n<meta name=\"author\" content=\"Ufficio Comunicazione\" \/>\n<meta name=\"twitter:card\" content=\"summary_large_image\" \/>\n<meta name=\"twitter:creator\" content=\"@pololionello\" \/>\n<meta name=\"twitter:site\" content=\"@pololionello\" \/>\n<meta name=\"twitter:label1\" content=\"Written by\" \/>\n\t<meta name=\"twitter:data1\" content=\"Ufficio Comunicazione\" \/>\n\t<meta name=\"twitter:label2\" content=\"Est. reading time\" \/>\n\t<meta name=\"twitter:data2\" content=\"4 minutes\" \/>\n<script type=\"application\/ld+json\" class=\"yoast-schema-graph\">{\"@context\":\"https:\\\/\\\/schema.org\",\"@graph\":[{\"@type\":\"Article\",\"@id\":\"https:\\\/\\\/www.pololionellobonfanti.it\\\/en\\\/seb\\\/la-parola-cambia-edizione-speciale-il-vangelo-di-giovanni\\\/#article\",\"isPartOf\":{\"@id\":\"https:\\\/\\\/www.pololionellobonfanti.it\\\/en\\\/seb\\\/la-parola-cambia-edizione-speciale-il-vangelo-di-giovanni\\\/\"},\"author\":{\"name\":\"Ufficio Comunicazione\",\"@id\":\"https:\\\/\\\/www.pololionellobonfanti.it\\\/en\\\/#\\\/schema\\\/person\\\/e39a37d52a4869f209b18cb5c71484ce\"},\"headline\":\"La parola cambia \u2013 Edizione 2026: Il Vangelo di Giovanni\",\"datePublished\":\"2026-02-26T15:45:34+00:00\",\"dateModified\":\"2026-06-09T12:37:39+00:00\",\"mainEntityOfPage\":{\"@id\":\"https:\\\/\\\/www.pololionellobonfanti.it\\\/en\\\/seb\\\/la-parola-cambia-edizione-speciale-il-vangelo-di-giovanni\\\/\"},\"wordCount\":730,\"publisher\":{\"@id\":\"https:\\\/\\\/www.pololionellobonfanti.it\\\/en\\\/#organization\"},\"image\":{\"@id\":\"https:\\\/\\\/www.pololionellobonfanti.it\\\/en\\\/seb\\\/la-parola-cambia-edizione-speciale-il-vangelo-di-giovanni\\\/#primaryimage\"},\"thumbnailUrl\":\"https:\\\/\\\/www.pololionellobonfanti.it\\\/wp-content\\\/uploads\\\/2026\\\/02\\\/banner_16-9-4.jpg\",\"articleSection\":[\"Corsi\",\"Notizie\",\"Scuola di Economia Biblica - SEB\"],\"inLanguage\":\"en-US\"},{\"@type\":\"WebPage\",\"@id\":\"https:\\\/\\\/www.pololionellobonfanti.it\\\/en\\\/seb\\\/la-parola-cambia-edizione-speciale-il-vangelo-di-giovanni\\\/\",\"url\":\"https:\\\/\\\/www.pololionellobonfanti.it\\\/en\\\/seb\\\/la-parola-cambia-edizione-speciale-il-vangelo-di-giovanni\\\/\",\"name\":\"La parola cambia \u2013 Edizione 2026: Il Vangelo di Giovanni - Polo Lionello Bonfanti\",\"isPartOf\":{\"@id\":\"https:\\\/\\\/www.pololionellobonfanti.it\\\/en\\\/#website\"},\"primaryImageOfPage\":{\"@id\":\"https:\\\/\\\/www.pololionellobonfanti.it\\\/en\\\/seb\\\/la-parola-cambia-edizione-speciale-il-vangelo-di-giovanni\\\/#primaryimage\"},\"image\":{\"@id\":\"https:\\\/\\\/www.pololionellobonfanti.it\\\/en\\\/seb\\\/la-parola-cambia-edizione-speciale-il-vangelo-di-giovanni\\\/#primaryimage\"},\"thumbnailUrl\":\"https:\\\/\\\/www.pololionellobonfanti.it\\\/wp-content\\\/uploads\\\/2026\\\/02\\\/banner_16-9-4.jpg\",\"datePublished\":\"2026-02-26T15:45:34+00:00\",\"dateModified\":\"2026-06-09T12:37:39+00:00\",\"description\":\"Corso di Alta Formazione in Economia Biblica Economia, antropologia ed etica nel quarto Vangelo Dopo il percorso del 2025, che ha esplorato la dimensione\",\"breadcrumb\":{\"@id\":\"https:\\\/\\\/www.pololionellobonfanti.it\\\/en\\\/seb\\\/la-parola-cambia-edizione-speciale-il-vangelo-di-giovanni\\\/#breadcrumb\"},\"inLanguage\":\"en-US\",\"potentialAction\":[{\"@type\":\"ReadAction\",\"target\":[\"https:\\\/\\\/www.pololionellobonfanti.it\\\/en\\\/seb\\\/la-parola-cambia-edizione-speciale-il-vangelo-di-giovanni\\\/\"]}]},{\"@type\":\"ImageObject\",\"inLanguage\":\"en-US\",\"@id\":\"https:\\\/\\\/www.pololionellobonfanti.it\\\/en\\\/seb\\\/la-parola-cambia-edizione-speciale-il-vangelo-di-giovanni\\\/#primaryimage\",\"url\":\"https:\\\/\\\/www.pololionellobonfanti.it\\\/wp-content\\\/uploads\\\/2026\\\/02\\\/banner_16-9-4.jpg\",\"contentUrl\":\"https:\\\/\\\/www.pololionellobonfanti.it\\\/wp-content\\\/uploads\\\/2026\\\/02\\\/banner_16-9-4.jpg\",\"width\":1920,\"height\":1080,\"caption\":\"luigino bruni vangelo giovanni\"},{\"@type\":\"BreadcrumbList\",\"@id\":\"https:\\\/\\\/www.pololionellobonfanti.it\\\/en\\\/seb\\\/la-parola-cambia-edizione-speciale-il-vangelo-di-giovanni\\\/#breadcrumb\",\"itemListElement\":[{\"@type\":\"ListItem\",\"position\":1,\"name\":\"Home\",\"item\":\"https:\\\/\\\/www.pololionellobonfanti.it\\\/en\\\/home\\\/\"},{\"@type\":\"ListItem\",\"position\":2,\"name\":\"La parola cambia \u2013 Edizione 2026: Il Vangelo di Giovanni\"}]},{\"@type\":\"WebSite\",\"@id\":\"https:\\\/\\\/www.pololionellobonfanti.it\\\/en\\\/#website\",\"url\":\"https:\\\/\\\/www.pololionellobonfanti.it\\\/en\\\/\",\"name\":\"Polo Lionello Bonfanti\",\"description\":\"Polo imprenditoriale e Casa degli Imprenditori, Luogo di Lavoro e Relazioni, Centro Convegni e Formazione, Laboratorio aperto per una Nuova Cultura Economica, B-Corp certificata\",\"publisher\":{\"@id\":\"https:\\\/\\\/www.pololionellobonfanti.it\\\/en\\\/#organization\"},\"potentialAction\":[{\"@type\":\"SearchAction\",\"target\":{\"@type\":\"EntryPoint\",\"urlTemplate\":\"https:\\\/\\\/www.pololionellobonfanti.it\\\/en\\\/?s={search_term_string}\"},\"query-input\":{\"@type\":\"PropertyValueSpecification\",\"valueRequired\":true,\"valueName\":\"search_term_string\"}}],\"inLanguage\":\"en-US\"},{\"@type\":\"Organization\",\"@id\":\"https:\\\/\\\/www.pololionellobonfanti.it\\\/en\\\/#organization\",\"name\":\"Polo Lionello Bonfanti\",\"url\":\"https:\\\/\\\/www.pololionellobonfanti.it\\\/en\\\/\",\"logo\":{\"@type\":\"ImageObject\",\"inLanguage\":\"en-US\",\"@id\":\"https:\\\/\\\/www.pololionellobonfanti.it\\\/en\\\/#\\\/schema\\\/logo\\\/image\\\/\",\"url\":\"https:\\\/\\\/www.pololionellobonfanti.it\\\/wp-content\\\/uploads\\\/2021\\\/07\\\/logo.jpg\",\"contentUrl\":\"https:\\\/\\\/www.pololionellobonfanti.it\\\/wp-content\\\/uploads\\\/2021\\\/07\\\/logo.jpg\",\"width\":500,\"height\":113,\"caption\":\"Polo Lionello Bonfanti\"},\"image\":{\"@id\":\"https:\\\/\\\/www.pololionellobonfanti.it\\\/en\\\/#\\\/schema\\\/logo\\\/image\\\/\"},\"sameAs\":[\"https:\\\/\\\/www.facebook.com\\\/pololionellobonfanti\\\/\",\"https:\\\/\\\/x.com\\\/pololionello\",\"https:\\\/\\\/www.linkedin.com\\\/company\\\/polo-lionello-bonfanti\\\/\",\"https:\\\/\\\/www.youtube.com\\\/c\\\/PololionellobonfantiIt\"]},{\"@type\":\"Person\",\"@id\":\"https:\\\/\\\/www.pololionellobonfanti.it\\\/en\\\/#\\\/schema\\\/person\\\/e39a37d52a4869f209b18cb5c71484ce\",\"name\":\"Ufficio Comunicazione\",\"image\":{\"@type\":\"ImageObject\",\"inLanguage\":\"en-US\",\"@id\":\"https:\\\/\\\/secure.gravatar.com\\\/avatar\\\/56595ec6e714071584b78f0ebed1c523869e8056332987d6743c8a97687c8430?s=96&d=mm&r=g\",\"url\":\"https:\\\/\\\/secure.gravatar.com\\\/avatar\\\/56595ec6e714071584b78f0ebed1c523869e8056332987d6743c8a97687c8430?s=96&d=mm&r=g\",\"contentUrl\":\"https:\\\/\\\/secure.gravatar.com\\\/avatar\\\/56595ec6e714071584b78f0ebed1c523869e8056332987d6743c8a97687c8430?s=96&d=mm&r=g\",\"caption\":\"Ufficio Comunicazione\"}}]}<\/script>\n<!-- \/ Yoast SEO plugin. -->","yoast_head_json":{"title":"La parola cambia \u2013 Edizione 2026: Il Vangelo di Giovanni - Polo Lionello Bonfanti","description":"Corso di Alta Formazione in Economia Biblica Economia, antropologia ed etica nel quarto Vangelo Dopo il percorso del 2025, che ha esplorato la dimensione","robots":{"index":"index","follow":"follow","max-snippet":"max-snippet:-1","max-image-preview":"max-image-preview:large","max-video-preview":"max-video-preview:-1"},"canonical":"https:\/\/www.pololionellobonfanti.it\/en\/seb\/la-parola-cambia-edizione-speciale-il-vangelo-di-giovanni\/","og_locale":"en_US","og_type":"article","og_title":"La parola cambia \u2013 Edizione 2026: Il Vangelo di Giovanni - Polo Lionello Bonfanti","og_description":"Corso di Alta Formazione in Economia Biblica Economia, antropologia ed etica nel quarto Vangelo Dopo il percorso del 2025, che ha esplorato la dimensione","og_url":"https:\/\/www.pololionellobonfanti.it\/en\/seb\/la-parola-cambia-edizione-speciale-il-vangelo-di-giovanni\/","og_site_name":"Polo Lionello Bonfanti","article_publisher":"https:\/\/www.facebook.com\/pololionellobonfanti\/","article_published_time":"2026-02-26T15:45:34+00:00","article_modified_time":"2026-06-09T12:37:39+00:00","og_image":[{"width":1920,"height":1080,"url":"https:\/\/www.pololionellobonfanti.it\/wp-content\/uploads\/2026\/02\/banner_16-9-4.jpg","type":"image\/jpeg"}],"author":"Ufficio Comunicazione","twitter_card":"summary_large_image","twitter_creator":"@pololionello","twitter_site":"@pololionello","twitter_misc":{"Written by":"Ufficio Comunicazione","Est. reading time":"4 minutes"},"schema":{"@context":"https:\/\/schema.org","@graph":[{"@type":"Article","@id":"https:\/\/www.pololionellobonfanti.it\/en\/seb\/la-parola-cambia-edizione-speciale-il-vangelo-di-giovanni\/#article","isPartOf":{"@id":"https:\/\/www.pololionellobonfanti.it\/en\/seb\/la-parola-cambia-edizione-speciale-il-vangelo-di-giovanni\/"},"author":{"name":"Ufficio Comunicazione","@id":"https:\/\/www.pololionellobonfanti.it\/en\/#\/schema\/person\/e39a37d52a4869f209b18cb5c71484ce"},"headline":"La parola cambia \u2013 Edizione 2026: Il Vangelo di Giovanni","datePublished":"2026-02-26T15:45:34+00:00","dateModified":"2026-06-09T12:37:39+00:00","mainEntityOfPage":{"@id":"https:\/\/www.pololionellobonfanti.it\/en\/seb\/la-parola-cambia-edizione-speciale-il-vangelo-di-giovanni\/"},"wordCount":730,"publisher":{"@id":"https:\/\/www.pololionellobonfanti.it\/en\/#organization"},"image":{"@id":"https:\/\/www.pololionellobonfanti.it\/en\/seb\/la-parola-cambia-edizione-speciale-il-vangelo-di-giovanni\/#primaryimage"},"thumbnailUrl":"https:\/\/www.pololionellobonfanti.it\/wp-content\/uploads\/2026\/02\/banner_16-9-4.jpg","articleSection":["Corsi","Notizie","Scuola di Economia Biblica - SEB"],"inLanguage":"en-US"},{"@type":"WebPage","@id":"https:\/\/www.pololionellobonfanti.it\/en\/seb\/la-parola-cambia-edizione-speciale-il-vangelo-di-giovanni\/","url":"https:\/\/www.pololionellobonfanti.it\/en\/seb\/la-parola-cambia-edizione-speciale-il-vangelo-di-giovanni\/","name":"La parola cambia \u2013 Edizione 2026: Il Vangelo di Giovanni - Polo Lionello Bonfanti","isPartOf":{"@id":"https:\/\/www.pololionellobonfanti.it\/en\/#website"},"primaryImageOfPage":{"@id":"https:\/\/www.pololionellobonfanti.it\/en\/seb\/la-parola-cambia-edizione-speciale-il-vangelo-di-giovanni\/#primaryimage"},"image":{"@id":"https:\/\/www.pololionellobonfanti.it\/en\/seb\/la-parola-cambia-edizione-speciale-il-vangelo-di-giovanni\/#primaryimage"},"thumbnailUrl":"https:\/\/www.pololionellobonfanti.it\/wp-content\/uploads\/2026\/02\/banner_16-9-4.jpg","datePublished":"2026-02-26T15:45:34+00:00","dateModified":"2026-06-09T12:37:39+00:00","description":"Corso di Alta Formazione in Economia Biblica Economia, antropologia ed etica nel quarto Vangelo Dopo il percorso del 2025, che ha esplorato la dimensione","breadcrumb":{"@id":"https:\/\/www.pololionellobonfanti.it\/en\/seb\/la-parola-cambia-edizione-speciale-il-vangelo-di-giovanni\/#breadcrumb"},"inLanguage":"en-US","potentialAction":[{"@type":"ReadAction","target":["https:\/\/www.pololionellobonfanti.it\/en\/seb\/la-parola-cambia-edizione-speciale-il-vangelo-di-giovanni\/"]}]},{"@type":"ImageObject","inLanguage":"en-US","@id":"https:\/\/www.pololionellobonfanti.it\/en\/seb\/la-parola-cambia-edizione-speciale-il-vangelo-di-giovanni\/#primaryimage","url":"https:\/\/www.pololionellobonfanti.it\/wp-content\/uploads\/2026\/02\/banner_16-9-4.jpg","contentUrl":"https:\/\/www.pololionellobonfanti.it\/wp-content\/uploads\/2026\/02\/banner_16-9-4.jpg","width":1920,"height":1080,"caption":"luigino bruni vangelo giovanni"},{"@type":"BreadcrumbList","@id":"https:\/\/www.pololionellobonfanti.it\/en\/seb\/la-parola-cambia-edizione-speciale-il-vangelo-di-giovanni\/#breadcrumb","itemListElement":[{"@type":"ListItem","position":1,"name":"Home","item":"https:\/\/www.pololionellobonfanti.it\/en\/home\/"},{"@type":"ListItem","position":2,"name":"La parola cambia \u2013 Edizione 2026: Il Vangelo di Giovanni"}]},{"@type":"WebSite","@id":"https:\/\/www.pololionellobonfanti.it\/en\/#website","url":"https:\/\/www.pololionellobonfanti.it\/en\/","name":"Polo Lionello Bonfanti","description":"Polo imprenditoriale e Casa degli Imprenditori, Luogo di Lavoro e Relazioni, Centro Convegni e Formazione, Laboratorio aperto per una Nuova Cultura Economica, B-Corp certificata","publisher":{"@id":"https:\/\/www.pololionellobonfanti.it\/en\/#organization"},"potentialAction":[{"@type":"SearchAction","target":{"@type":"EntryPoint","urlTemplate":"https:\/\/www.pololionellobonfanti.it\/en\/?s={search_term_string}"},"query-input":{"@type":"PropertyValueSpecification","valueRequired":true,"valueName":"search_term_string"}}],"inLanguage":"en-US"},{"@type":"Organization","@id":"https:\/\/www.pololionellobonfanti.it\/en\/#organization","name":"Polo Lionello Bonfanti","url":"https:\/\/www.pololionellobonfanti.it\/en\/","logo":{"@type":"ImageObject","inLanguage":"en-US","@id":"https:\/\/www.pololionellobonfanti.it\/en\/#\/schema\/logo\/image\/","url":"https:\/\/www.pololionellobonfanti.it\/wp-content\/uploads\/2021\/07\/logo.jpg","contentUrl":"https:\/\/www.pololionellobonfanti.it\/wp-content\/uploads\/2021\/07\/logo.jpg","width":500,"height":113,"caption":"Polo Lionello Bonfanti"},"image":{"@id":"https:\/\/www.pololionellobonfanti.it\/en\/#\/schema\/logo\/image\/"},"sameAs":["https:\/\/www.facebook.com\/pololionellobonfanti\/","https:\/\/x.com\/pololionello","https:\/\/www.linkedin.com\/company\/polo-lionello-bonfanti\/","https:\/\/www.youtube.com\/c\/PololionellobonfantiIt"]},{"@type":"Person","@id":"https:\/\/www.pololionellobonfanti.it\/en\/#\/schema\/person\/e39a37d52a4869f209b18cb5c71484ce","name":"Ufficio Comunicazione","image":{"@type":"ImageObject","inLanguage":"en-US","@id":"https:\/\/secure.gravatar.com\/avatar\/56595ec6e714071584b78f0ebed1c523869e8056332987d6743c8a97687c8430?s=96&d=mm&r=g","url":"https:\/\/secure.gravatar.com\/avatar\/56595ec6e714071584b78f0ebed1c523869e8056332987d6743c8a97687c8430?s=96&d=mm&r=g","contentUrl":"https:\/\/secure.gravatar.com\/avatar\/56595ec6e714071584b78f0ebed1c523869e8056332987d6743c8a97687c8430?s=96&d=mm&r=g","caption":"Ufficio Comunicazione"}}]}},"_links":{"self":[{"href":"https:\/\/www.pololionellobonfanti.it\/en\/wp-json\/wp\/v2\/posts\/7323","targetHints":{"allow":["GET"]}}],"collection":[{"href":"https:\/\/www.pololionellobonfanti.it\/en\/wp-json\/wp\/v2\/posts"}],"about":[{"href":"https:\/\/www.pololionellobonfanti.it\/en\/wp-json\/wp\/v2\/types\/post"}],"author":[{"embeddable":true,"href":"https:\/\/www.pololionellobonfanti.it\/en\/wp-json\/wp\/v2\/users\/4"}],"replies":[{"embeddable":true,"href":"https:\/\/www.pololionellobonfanti.it\/en\/wp-json\/wp\/v2\/comments?post=7323"}],"version-history":[{"count":20,"href":"https:\/\/www.pololionellobonfanti.it\/en\/wp-json\/wp\/v2\/posts\/7323\/revisions"}],"predecessor-version":[{"id":7899,"href":"https:\/\/www.pololionellobonfanti.it\/en\/wp-json\/wp\/v2\/posts\/7323\/revisions\/7899"}],"wp:featuredmedia":[{"embeddable":true,"href":"https:\/\/www.pololionellobonfanti.it\/en\/wp-json\/wp\/v2\/media\/7382"}],"wp:attachment":[{"href":"https:\/\/www.pololionellobonfanti.it\/en\/wp-json\/wp\/v2\/media?parent=7323"}],"wp:term":[{"taxonomy":"category","embeddable":true,"href":"https:\/\/www.pololionellobonfanti.it\/en\/wp-json\/wp\/v2\/categories?post=7323"},{"taxonomy":"post_tag","embeddable":true,"href":"https:\/\/www.pololionellobonfanti.it\/en\/wp-json\/wp\/v2\/tags?post=7323"}],"curies":[{"name":"wp","href":"https:\/\/api.w.org\/{rel}","templated":true}]}}